{"id":1719,"date":"2025-11-22T18:08:36","date_gmt":"2025-11-22T18:08:36","guid":{"rendered":"https:\/\/degi.ubiobio.cl\/?p=1719"},"modified":"2025-11-22T18:08:38","modified_gmt":"2025-11-22T18:08:38","slug":"estudiante-del-degi-presenta-su-investigacion-en-un-importante-workshop-de-economiaambiental-organizado-por-la-red-internacional-environment-for-development-efd","status":"publish","type":"post","link":"http:\/\/degi.ubiobio.cl\/index.php\/estudiante-del-degi-presenta-su-investigacion-en-un-importante-workshop-de-economiaambiental-organizado-por-la-red-internacional-environment-for-development-efd\/","title":{"rendered":"Estudiante del DEGI presenta su investigaci\u00f3n en un importante workshop de econom\u00edaambiental organizado por la red internacional Environment for Development (EfD)."},"content":{"rendered":"\n<p>El estudiante del Doctorado en Econom\u00eda y Gesti\u00f3n de la Informaci\u00f3n, Crist\u00f3bal V\u00e1zquez, present\u00f3 su primer cap\u00edtulo de su tesis doctoral en el 13.\u00ba workshop de econom\u00eda ambiental (NENRE-EfD) que se realiz\u00f3 en las termas de Catillo, Parral, regi\u00f3n del Maule, el 6 y 7 de noviembre de 2025.<\/p>\n\n\n\n<p>La investigaci\u00f3n se titul\u00f3 \u201cRegional disparities in industrial solid waste generation and treatment in Chile: A spatial temporal approach.\u201d El art\u00edculo fue presentado en una sesi\u00f3n de capital humano avanzado organizada especialmente para estudiantes para recibir retroalimentaci\u00f3n de sus trabajos. En la instancia, Crist\u00f3bal tuvo la oportunidad de recibir comentarios de su investigaci\u00f3n y generar contactos acad\u00e9micos que le servir\u00e1n en el desarrollo de su proyecto de tesis doctoral. Crist\u00f3bal obtuvo financiamiento directo de la red para participar en su calidad de estudiante de postgrado. El workshop fue organizado por la Red internacional Environment for Development (EfD) con su sede en Chile en la Universidad de Concepci\u00f3n. Los acad\u00e9micos de la Universidad del B\u00edo-B\u00edo, Marjorie Baquedano, Francisco Hern\u00e1ndez, Ricardo Troncoso y C\u00e9sar Salazar, tambi\u00e9n participaron con sus investigaciones en distintas sesiones del workshop.<\/p>\n\n\n\n<figure class=\"wp-block-image size-large\"><img loading=\"lazy\" decoding=\"async\" width=\"768\" height=\"1024\" src=\"https:\/\/degi.ubiobio.cl\/wp-content\/uploads\/2025\/11\/IMG_2962-scaled-1-768x1024.jpg\" alt=\"\" class=\"wp-image-1721\" srcset=\"http:\/\/degi.ubiobio.cl\/wp-content\/uploads\/2025\/11\/IMG_2962-scaled-1-768x1024.jpg 768w, http:\/\/degi.ubiobio.cl\/wp-content\/uploads\/2025\/11\/IMG_2962-scaled-1-225x300.jpg 225w, http:\/\/degi.ubiobio.cl\/wp-content\/uploads\/2025\/11\/IMG_2962-scaled-1-1152x1536.jpg 1152w, http:\/\/degi.ubiobio.cl\/wp-content\/uploads\/2025\/11\/IMG_2962-scaled-1-1536x2048.jpg 1536w, http:\/\/degi.ubiobio.cl\/wp-content\/uploads\/2025\/11\/IMG_2962-scaled-1.jpg 1920w\" sizes=\"auto, (max-width: 768px) 100vw, 768px\" \/><\/figure>\n\n\n\n<figure class=\"wp-block-image size-large\"><img loading=\"lazy\" decoding=\"async\" width=\"1110\" height=\"582\" src=\"https:\/\/degi.ubiobio.cl\/wp-content\/uploads\/2025\/11\/image-21-1110x582.png\" alt=\"\" class=\"wp-image-1722\" srcset=\"http:\/\/degi.ubiobio.cl\/wp-content\/uploads\/2025\/11\/image-21-1110x582.png 1110w, http:\/\/degi.ubiobio.cl\/wp-content\/uploads\/2025\/11\/image-21-572x300.png 572w, http:\/\/degi.ubiobio.cl\/wp-content\/uploads\/2025\/11\/image-21-285x150.png 285w, http:\/\/degi.ubiobio.cl\/wp-content\/uploads\/2025\/11\/image-21-768x402.png 768w, http:\/\/degi.ubiobio.cl\/wp-content\/uploads\/2025\/11\/image-21.png 1435w\" sizes=\"auto, (max-width: 1110px) 100vw, 1110px\" \/><\/figure>\n","protected":false},"excerpt":{"rendered":"<p>El estudiante del Doctorado en Econom\u00eda y Gesti\u00f3n de la Informaci\u00f3n, Crist\u00f3bal V\u00e1zquez, present\u00f3 su primer cap\u00edtulo de su tesis doctoral en el 13.\u00ba workshop de econom\u00eda ambiental (NENRE-EfD) que se realiz\u00f3 en las termas de Catillo, Parral, regi\u00f3n del Maule, el 6 y 7 de noviembre de 2025. La investigaci\u00f3n se titul\u00f3 \u201cRegional disparities [&hellip;]<\/p>\n","protected":false},"author":9,"featured_media":1723,"comment_status":"closed","ping_status":"closed","sticky":false,"template":"","format":"standard","meta":{"footnotes":""},"categories":[2,1],"tags":[63,125,122,120,121,124,123,50],"class_list":["post-1719","post","type-post","status-publish","format-standard","has-post-thumbnail","hentry","category-destacado","category-noticias","tag-degi","tag-desarrollosostenible","tag-economiaambiental","tag-efd","tag-nenre-efd","tag-postgrado","tag-redesacademicas","tag-universidad-del-bio-bio"],"_links":{"self":[{"href":"http:\/\/degi.ubiobio.cl\/index.php\/wp-json\/wp\/v2\/posts\/1719","targetHints":{"allow":["GET"]}}],"collection":[{"href":"http:\/\/degi.ubiobio.cl\/index.php\/wp-json\/wp\/v2\/posts"}],"about":[{"href":"http:\/\/degi.ubiobio.cl\/index.php\/wp-json\/wp\/v2\/types\/post"}],"author":[{"embeddable":true,"href":"http:\/\/degi.ubiobio.cl\/index.php\/wp-json\/wp\/v2\/users\/9"}],"replies":[{"embeddable":true,"href":"http:\/\/degi.ubiobio.cl\/index.php\/wp-json\/wp\/v2\/comments?post=1719"}],"version-history":[{"count":1,"href":"http:\/\/degi.ubiobio.cl\/index.php\/wp-json\/wp\/v2\/posts\/1719\/revisions"}],"predecessor-version":[{"id":1724,"href":"http:\/\/degi.ubiobio.cl\/index.php\/wp-json\/wp\/v2\/posts\/1719\/revisions\/1724"}],"wp:featuredmedia":[{"embeddable":true,"href":"http:\/\/degi.ubiobio.cl\/index.php\/wp-json\/wp\/v2\/media\/1723"}],"wp:attachment":[{"href":"http:\/\/degi.ubiobio.cl\/index.php\/wp-json\/wp\/v2\/media?parent=1719"}],"wp:term":[{"taxonomy":"category","embeddable":true,"href":"http:\/\/degi.ubiobio.cl\/index.php\/wp-json\/wp\/v2\/categories?post=1719"},{"taxonomy":"post_tag","embeddable":true,"href":"http:\/\/degi.ubiobio.cl\/index.php\/wp-json\/wp\/v2\/tags?post=1719"}],"curies":[{"name":"wp","href":"https:\/\/api.w.org\/{rel}","templated":true}]}}