{"id":1715,"date":"2025-11-15T19:29:11","date_gmt":"2025-11-15T19:29:11","guid":{"rendered":"https:\/\/degi.ubiobio.cl\/?p=1715"},"modified":"2025-11-15T19:29:13","modified_gmt":"2025-11-15T19:29:13","slug":"facultad-de-ciencias-empresariales-universidad-del-bio-bio-obtiene-reconocimiento-latinoamericano-por-innovacion-educativa-en-sostenibilidad-empresarial","status":"publish","type":"post","link":"http:\/\/degi.ubiobio.cl\/index.php\/facultad-de-ciencias-empresariales-universidad-del-bio-bio-obtiene-reconocimiento-latinoamericano-por-innovacion-educativa-en-sostenibilidad-empresarial\/","title":{"rendered":"FACULTAD DE CIENCIAS EMPRESARIALES UNIVERSIDAD DEL B\u00cdO-B\u00cdO OBTIENE RECONOCIMIENTO LATINOAMERICANO POR INNOVACI\u00d3N EDUCATIVA EN SOSTENIBILIDAD EMPRESARIAL"},"content":{"rendered":"\n<p>La Facultad de Ciencias Empresariales de la Universidad del B\u00edo-B\u00edo fue galardonada con el 2.\u00ba Premio en la Modalidad Incentivo (Nuevas Propuestas Educativas) del Premio Latinoamericano a Pr\u00e1cticas Educativas en Innovaci\u00f3n Econ\u00f3mica y Econom\u00eda de Triple Impacto 2025, otorgado por la red Nodos para la Innovaci\u00f3n Econ\u00f3mica y la Educaci\u00f3n de Triple Impacto en Am\u00e9rica Latina y el Caribe.<\/p>\n\n\n\n<p><br>El reconocimiento fue otorgado a la asignatura electiva Sostenibilidad Empresarial, dirigida por el docente y estudiante del Doctorado en Econom\u00eda y Gesti\u00f3n de La informaci\u00f3n (DEGI), Tom\u00e1s Zapata Soto, en la carrera de Ingenier\u00eda Comercial de la Facultad de Ciencias Empresariales (FACE), destacando su propuesta educativa orientada a integrar los principios de sostenibilidad social, ambiental y econ\u00f3mica en la formaci\u00f3n de futuros profesionales.<\/p>\n\n\n\n<p><br>El Premio Latinoamericano a Pr\u00e1cticas Educativas en Innovaci\u00f3n Econ\u00f3mica y Econom\u00eda de Triple Impacto busca promover el liderazgo docente y la incorporaci\u00f3n de enfoques transformadores en la ense\u00f1anza, investigaci\u00f3n y extensi\u00f3n universitaria. La edici\u00f3n 2025 reuni\u00f3 41 postulaciones de distintos pa\u00edses de la regi\u00f3n, evaluadas por un comit\u00e9 internacional conformado por representantes de Chile, Argentina, M\u00e9xico, Uruguay y la UNESCO.<\/p>\n\n\n\n<p><br>La propuesta presentada por el docente de Facultad de Ciencias Empresariales de la Universidad del B\u00edo-B\u00edo fue reconocida por su enfoque innovador en la ense\u00f1anza de la sostenibilidad empresarial, fomentando el pensamiento cr\u00edtico, la acci\u00f3n social y la vinculaci\u00f3n con el entorno, en coherencia con el compromiso institucional de la UBB con los Objetivos de Desarrollo Sostenible (ODS) y la formaci\u00f3n responsable de los estudiantes de FACE.<\/p>\n\n\n\n<p><br>Este logro refleja el trabajo colaborativo y el liderazgo en docencia que caracteriza a la Universidad del B\u00edo-B\u00edo en materia de educaci\u00f3n sostenible, innovaci\u00f3n y responsabilidad social universitaria, consolidando su presencia en la red latinoamericana de instituciones comprometidas con una econom\u00eda de triple impacto.<\/p>\n\n\n\n<div data-wp-interactive=\"core\/file\" class=\"wp-block-file\"><object data-wp-bind--hidden=\"!state.hasPdfPreview\" hidden class=\"wp-block-file__embed\" data=\"https:\/\/degi.ubiobio.cl\/wp-content\/uploads\/2025\/11\/Acta-con-proceso-y-resultados-del-Premio-2025.pdf\" type=\"application\/pdf\" style=\"width:100%;height:600px\" aria-label=\"Incrustado de Acta-con-proceso-y-resultados-del-Premio-2025.\"><\/object><a id=\"wp-block-file--media-159a1513-46b5-4607-b960-e574492df45b\" href=\"https:\/\/degi.ubiobio.cl\/wp-content\/uploads\/2025\/11\/Acta-con-proceso-y-resultados-del-Premio-2025.pdf\">Acta-con-proceso-y-resultados-del-Premio-2025<\/a><a href=\"https:\/\/degi.ubiobio.cl\/wp-content\/uploads\/2025\/11\/Acta-con-proceso-y-resultados-del-Premio-2025.pdf\" class=\"wp-block-file__button wp-element-button\" download aria-describedby=\"wp-block-file--media-159a1513-46b5-4607-b960-e574492df45b\">Descarga<\/a><\/div>\n","protected":false},"excerpt":{"rendered":"<p>La Facultad de Ciencias Empresariales de la Universidad del B\u00edo-B\u00edo fue galardonada con el 2.\u00ba Premio en la Modalidad Incentivo (Nuevas Propuestas Educativas) del Premio Latinoamericano a Pr\u00e1cticas Educativas en Innovaci\u00f3n Econ\u00f3mica y Econom\u00eda de Triple Impacto 2025, otorgado por la red Nodos para la Innovaci\u00f3n Econ\u00f3mica y la Educaci\u00f3n de Triple Impacto en Am\u00e9rica [&hellip;]<\/p>\n","protected":false},"author":9,"featured_media":1716,"comment_status":"closed","ping_status":"closed","sticky":false,"template":"","format":"standard","meta":{"footnotes":""},"categories":[2,1],"tags":[63,58,119,118,117,50],"class_list":["post-1715","post","type-post","status-publish","format-standard","has-post-thumbnail","hentry","category-destacado","category-noticias","tag-degi","tag-face-ubb","tag-formacion-responsable","tag-innovacioneconomica","tag-reconocimiento-latinoamericano","tag-universidad-del-bio-bio"],"_links":{"self":[{"href":"http:\/\/degi.ubiobio.cl\/index.php\/wp-json\/wp\/v2\/posts\/1715","targetHints":{"allow":["GET"]}}],"collection":[{"href":"http:\/\/degi.ubiobio.cl\/index.php\/wp-json\/wp\/v2\/posts"}],"about":[{"href":"http:\/\/degi.ubiobio.cl\/index.php\/wp-json\/wp\/v2\/types\/post"}],"author":[{"embeddable":true,"href":"http:\/\/degi.ubiobio.cl\/index.php\/wp-json\/wp\/v2\/users\/9"}],"replies":[{"embeddable":true,"href":"http:\/\/degi.ubiobio.cl\/index.php\/wp-json\/wp\/v2\/comments?post=1715"}],"version-history":[{"count":1,"href":"http:\/\/degi.ubiobio.cl\/index.php\/wp-json\/wp\/v2\/posts\/1715\/revisions"}],"predecessor-version":[{"id":1718,"href":"http:\/\/degi.ubiobio.cl\/index.php\/wp-json\/wp\/v2\/posts\/1715\/revisions\/1718"}],"wp:featuredmedia":[{"embeddable":true,"href":"http:\/\/degi.ubiobio.cl\/index.php\/wp-json\/wp\/v2\/media\/1716"}],"wp:attachment":[{"href":"http:\/\/degi.ubiobio.cl\/index.php\/wp-json\/wp\/v2\/media?parent=1715"}],"wp:term":[{"taxonomy":"category","embeddable":true,"href":"http:\/\/degi.ubiobio.cl\/index.php\/wp-json\/wp\/v2\/categories?post=1715"},{"taxonomy":"post_tag","embeddable":true,"href":"http:\/\/degi.ubiobio.cl\/index.php\/wp-json\/wp\/v2\/tags?post=1715"}],"curies":[{"name":"wp","href":"https:\/\/api.w.org\/{rel}","templated":true}]}}