{"id":1280,"date":"2024-12-13T15:57:16","date_gmt":"2024-12-13T15:57:16","guid":{"rendered":"https:\/\/degi.ubiobio.cl\/?p=1280"},"modified":"2024-12-13T15:57:19","modified_gmt":"2024-12-13T15:57:19","slug":"estudiantes-del-doctorado-en-economia-y-gestion-de-la-informacion-reciben-retroalimentacion-de-sus-trabajos-en-el-congreso-asfae-enefa-2024","status":"publish","type":"post","link":"http:\/\/degi.ubiobio.cl\/index.php\/estudiantes-del-doctorado-en-economia-y-gestion-de-la-informacion-reciben-retroalimentacion-de-sus-trabajos-en-el-congreso-asfae-enefa-2024\/","title":{"rendered":"Estudiantes del Doctorado en Econom\u00eda y Gesti\u00f3n de la Informaci\u00f3n reciben retroalimentaci\u00f3n de sus trabajos en el congreso ASFAE-ENEFA 2024"},"content":{"rendered":"\n<p>Una destacada participaci\u00f3n tuvo las estudiantes del Doctorado en Econom\u00eda y Gesti\u00f3n de la Informaci\u00f3n en el XL Congreso ASFAE-ENEFA-2024, titulado: \u201cInnovaci\u00f3n y Desarrollo Territorial en la Gesti\u00f3n de las Organizaciones\u201d. El evento se realiz\u00f3 entre el 13 y 15 de noviembre y fue organizado por la Facultad de Ciencias Econ\u00f3micas y Administrativas de la Universidad Austral de Chile en Valdivia. En el encuentro, participaron las estudiantes Natalia Bravo y Yarisel Bueno.<\/p>\n\n\n\n<p>Natalia Bravo present\u00f3 en el Track \u201cSistemas de Informaci\u00f3n e Inteligencia artificial\u201d uno de sus trabajos de su tesis doctoral titulado: \u201cAcumulaci\u00f3n Digital Problem\u00e1tica: Un modelo para entender este comportamiento en los trabajadores\u201d, en coautor\u00eda con los profesores Alejandro Cataldo y Elizabeth Grand\u00f3n. Mientras Yarisel Bueno particip\u00f3 en el Coloquio Doctoral con su proyecto de tesis titulado: \u201cGesti\u00f3n del conocimiento digital y su relaci\u00f3n con el tecnoestr\u00e9s y adopci\u00f3n tecnol\u00f3gica en el contexto de la transformaci\u00f3n digital: Un estudio en los gobiernos locales de Chile\u201d. El coloquio doctoral es una instancia donde distintos estudiantes de programas doctorales en el \u00e1rea de econom\u00eda y administraci\u00f3n de Chile y del extranjero presentan sus propuestas de investigaci\u00f3n. En la ocasi\u00f3n, Yarisel comparti\u00f3 Track con estudiantes del Doctorado en Administraci\u00f3n de la Universidad de Chile, Universidad de Valpara\u00edso y Universidad de la Salle-Colombia.<\/p>\n\n\n\n<p>La instancia fue una excelente oportunidad para las estudiantes para recibir retroalimentaci\u00f3n de sus trabajos y validar el nivel doctoral de la formaci\u00f3n que entrega el Doctorado en Econom\u00eda y Gesti\u00f3n de la Informaci\u00f3n.<\/p>\n\n\n\n<figure class=\"wp-block-gallery has-nested-images columns-default is-cropped wp-block-gallery-1 is-layout-flex wp-block-gallery-is-layout-flex\">\n<figure class=\"wp-block-image size-large\"><img loading=\"lazy\" decoding=\"async\" width=\"1110\" height=\"625\" data-id=\"1282\" src=\"https:\/\/degi.ubiobio.cl\/wp-content\/uploads\/2024\/12\/g1-1.jpeg\" alt=\"\" class=\"wp-image-1282\" srcset=\"http:\/\/degi.ubiobio.cl\/wp-content\/uploads\/2024\/12\/g1-1.jpeg 1110w, http:\/\/degi.ubiobio.cl\/wp-content\/uploads\/2024\/12\/g1-1-533x300.jpeg 533w, http:\/\/degi.ubiobio.cl\/wp-content\/uploads\/2024\/12\/g1-1-768x432.jpeg 768w\" sizes=\"auto, (max-width: 1110px) 100vw, 1110px\" \/><\/figure>\n\n\n\n<figure class=\"wp-block-image size-large\"><img loading=\"lazy\" decoding=\"async\" width=\"1110\" height=\"624\" data-id=\"1283\" src=\"https:\/\/degi.ubiobio.cl\/wp-content\/uploads\/2024\/12\/g2-1110x624.jpg\" alt=\"\" class=\"wp-image-1283\" srcset=\"http:\/\/degi.ubiobio.cl\/wp-content\/uploads\/2024\/12\/g2-1110x624.jpg 1110w, http:\/\/degi.ubiobio.cl\/wp-content\/uploads\/2024\/12\/g2-533x300.jpg 533w, http:\/\/degi.ubiobio.cl\/wp-content\/uploads\/2024\/12\/g2-768x432.jpg 768w, http:\/\/degi.ubiobio.cl\/wp-content\/uploads\/2024\/12\/g2-1536x864.jpg 1536w, http:\/\/degi.ubiobio.cl\/wp-content\/uploads\/2024\/12\/g2.jpg 1600w\" sizes=\"auto, (max-width: 1110px) 100vw, 1110px\" \/><\/figure>\n<\/figure>\n","protected":false},"excerpt":{"rendered":"<p>Una destacada participaci\u00f3n tuvo las estudiantes del Doctorado en Econom\u00eda y Gesti\u00f3n de la Informaci\u00f3n en el XL Congreso ASFAE-ENEFA-2024, titulado: \u201cInnovaci\u00f3n y Desarrollo Territorial en la Gesti\u00f3n de las Organizaciones\u201d. El evento se realiz\u00f3 entre el 13 y 15 de noviembre y fue organizado por la Facultad de Ciencias Econ\u00f3micas y Administrativas de la [&hellip;]<\/p>\n","protected":false},"author":7,"featured_media":1284,"comment_status":"closed","ping_status":"closed","sticky":false,"template":"","format":"standard","meta":{"footnotes":""},"categories":[2,1],"tags":[],"class_list":["post-1280","post","type-post","status-publish","format-standard","has-post-thumbnail","hentry","category-destacado","category-noticias"],"_links":{"self":[{"href":"http:\/\/degi.ubiobio.cl\/index.php\/wp-json\/wp\/v2\/posts\/1280","targetHints":{"allow":["GET"]}}],"collection":[{"href":"http:\/\/degi.ubiobio.cl\/index.php\/wp-json\/wp\/v2\/posts"}],"about":[{"href":"http:\/\/degi.ubiobio.cl\/index.php\/wp-json\/wp\/v2\/types\/post"}],"author":[{"embeddable":true,"href":"http:\/\/degi.ubiobio.cl\/index.php\/wp-json\/wp\/v2\/users\/7"}],"replies":[{"embeddable":true,"href":"http:\/\/degi.ubiobio.cl\/index.php\/wp-json\/wp\/v2\/comments?post=1280"}],"version-history":[{"count":1,"href":"http:\/\/degi.ubiobio.cl\/index.php\/wp-json\/wp\/v2\/posts\/1280\/revisions"}],"predecessor-version":[{"id":1285,"href":"http:\/\/degi.ubiobio.cl\/index.php\/wp-json\/wp\/v2\/posts\/1280\/revisions\/1285"}],"wp:featuredmedia":[{"embeddable":true,"href":"http:\/\/degi.ubiobio.cl\/index.php\/wp-json\/wp\/v2\/media\/1284"}],"wp:attachment":[{"href":"http:\/\/degi.ubiobio.cl\/index.php\/wp-json\/wp\/v2\/media?parent=1280"}],"wp:term":[{"taxonomy":"category","embeddable":true,"href":"http:\/\/degi.ubiobio.cl\/index.php\/wp-json\/wp\/v2\/categories?post=1280"},{"taxonomy":"post_tag","embeddable":true,"href":"http:\/\/degi.ubiobio.cl\/index.php\/wp-json\/wp\/v2\/tags?post=1280"}],"curies":[{"name":"wp","href":"https:\/\/api.w.org\/{rel}","templated":true}]}}